{"id":7728,"date":"2015-06-12T00:00:00","date_gmt":"2015-06-12T00:00:00","guid":{"rendered":"http:\/\/sostanj.info\/2019\/redna-letna-skupscina-2015"},"modified":"2019-08-27T14:55:28","modified_gmt":"2019-08-27T12:55:28","slug":"redna-letna-skupscina-2015","status":"publish","type":"post","link":"https:\/\/sostanj.info\/2019\/redna-letna-skupscina-2015\/","title":{"rendered":"Redna letna skup\u0161\u010dina 2015"},"content":{"rendered":"<p><span style=\"font-size: small;\">V\u010deraj, 11.06.2015, je ob 18. uri v veliki sejni sobi Ob\u010dine &Scaron;o&scaron;tanj potekala redna letna skup&scaron;\u010dina Ko&scaron;arkarskega kluba Elektra &Scaron;o&scaron;tanj. Skup&scaron;\u010dina je potekala po predlaganem dnevnem redu, ki je objavljen na <a href=\"..\/novica_prikazi.php?pid=3628\" target=\"_blank\" rel=\"noopener noreferrer\">na&scaron;i spletni strani<\/a>. Soglasno so bila sprejeta vsa podana poro\u010dila. Vsa poro\u010dila ter zapisnik skup&scaron;\u010dine bosta objavljena na na&scaron;i spletni strani v naslednjih dneh.<\/span><\/p>\n","protected":false},"excerpt":{"rendered":"<p><span style=\"font-size: small;\">V\u010deraj, 11.06.2015, je ob 18. uri v veliki sejni sobi Ob\u010dine &Scaron;o&scaron;tanj potekala redna letna skup&scaron;\u010dina Ko&scaron;arkarskega kluba Elektra &Scaron;o&scaron;tanj. Skup&scaron;\u010dina je potekala po predlaganem dnevnem redu, ki je objavljen na <a href=\"..\/novica_prikazi.php?pid=3628\" target=\"_blank\" rel=\"noopener noreferrer\">na&scaron;i spletni strani<\/a>. Soglasno so bila sprejeta vsa podana poro\u010dila. Vsa poro\u010dila ter zapisnik skup&scaron;\u010dine bosta objavljena na na&scaron;i spletni strani v naslednjih dneh.<\/span><\/p>\n","protected":false},"author":1,"featured_media":8430,"comment_status":"open","ping_status":"open","sticky":false,"template":"","format":"standard","meta":{"ngg_post_thumbnail":0,"footnotes":""},"categories":[1],"tags":[],"class_list":["post-7728","post","type-post","status-publish","format-standard","has-post-thumbnail","hentry","category-arhiv"],"_links":{"self":[{"href":"https:\/\/sostanj.info\/2019\/wp-json\/wp\/v2\/posts\/7728","targetHints":{"allow":["GET"]}}],"collection":[{"href":"https:\/\/sostanj.info\/2019\/wp-json\/wp\/v2\/posts"}],"about":[{"href":"https:\/\/sostanj.info\/2019\/wp-json\/wp\/v2\/types\/post"}],"author":[{"embeddable":true,"href":"https:\/\/sostanj.info\/2019\/wp-json\/wp\/v2\/users\/1"}],"replies":[{"embeddable":true,"href":"https:\/\/sostanj.info\/2019\/wp-json\/wp\/v2\/comments?post=7728"}],"version-history":[{"count":1,"href":"https:\/\/sostanj.info\/2019\/wp-json\/wp\/v2\/posts\/7728\/revisions"}],"predecessor-version":[{"id":9413,"href":"https:\/\/sostanj.info\/2019\/wp-json\/wp\/v2\/posts\/7728\/revisions\/9413"}],"wp:featuredmedia":[{"embeddable":true,"href":"https:\/\/sostanj.info\/2019\/wp-json\/wp\/v2\/media\/8430"}],"wp:attachment":[{"href":"https:\/\/sostanj.info\/2019\/wp-json\/wp\/v2\/media?parent=7728"}],"wp:term":[{"taxonomy":"category","embeddable":true,"href":"https:\/\/sostanj.info\/2019\/wp-json\/wp\/v2\/categories?post=7728"},{"taxonomy":"post_tag","embeddable":true,"href":"https:\/\/sostanj.info\/2019\/wp-json\/wp\/v2\/tags?post=7728"}],"curies":[{"name":"wp","href":"https:\/\/api.w.org\/{rel}","templated":true}]}}