{"id":15067,"global_id":"sostanj.info\/2019?id=15067","global_id_lineage":["sostanj.info\/2019?id=15067"],"author":"1","status":"publish","date":"2023-08-29 11:36:11","date_utc":"2023-08-29 09:36:11","modified":"2023-08-29 11:36:11","modified_utc":"2023-08-29 09:36:11","url":"https:\/\/sostanj.info\/2019\/dogodki\/odprtje-razstave-nic-proti-vecnosti-koncert-andreja-sifrerja-s-skupino-the-riverband\/","rest_url":"https:\/\/sostanj.info\/2019\/wp-json\/tribe\/events\/v1\/events\/15067","title":"Odprtje razstave NI\u010c proti VE\u010cnosti Koncert Andreja \u0160ifrerja s skupino The Riverband","description":"","excerpt":"","slug":"odprtje-razstave-nic-proti-vecnosti-koncert-andreja-sifrerja-s-skupino-the-riverband","image":{"url":"https:\/\/sostanj.info\/2019\/wp-content\/uploads\/2019\/08\/270x200_default.jpg","id":8430,"extension":"jpg","width":270,"height":200,"sizes":{"thumbnail":{"width":150,"height":150,"mime-type":"image\/jpeg","url":"https:\/\/sostanj.info\/2019\/wp-content\/uploads\/2019\/08\/270x200_default-150x150.jpg"},"small":{"width":80,"height":70,"mime-type":"image\/jpeg","url":"https:\/\/sostanj.info\/2019\/wp-content\/uploads\/2019\/08\/270x200_default-80x70.jpg"}}},"all_day":false,"start_date":"2023-09-14 19:00:00","start_date_details":{"year":"2023","month":"09","day":"14","hour":"19","minutes":"00","seconds":"00"},"end_date":"2023-09-14 20:00:00","end_date_details":{"year":"2023","month":"09","day":"14","hour":"20","minutes":"00","seconds":"00"},"utc_start_date":"2023-09-14 17:00:00","utc_start_date_details":{"year":"2023","month":"09","day":"14","hour":"17","minutes":"00","seconds":"00"},"utc_end_date":"2023-09-14 18:00:00","utc_end_date_details":{"year":"2023","month":"09","day":"14","hour":"18","minutes":"00","seconds":"00"},"timezone":"Europe\/Ljubljana","timezone_abbr":"CEST","cost":"","cost_details":{"currency_symbol":"","currency_code":"","currency_position":"prefix","values":[]},"website":"","show_map":false,"show_map_link":true,"hide_from_listings":false,"sticky":false,"featured":false,"categories":[{"name":"Kultura, umetnost","slug":"kultura_umetnost","term_group":0,"term_taxonomy_id":52,"taxonomy":"tribe_events_cat","description":"","parent":0,"count":879,"filter":"raw","order":"0","id":52,"urls":{"self":"https:\/\/sostanj.info\/2019\/wp-json\/tribe\/events\/v1\/categories\/52","collection":"https:\/\/sostanj.info\/2019\/wp-json\/tribe\/events\/v1\/categories"}}],"tags":[],"venue":{"id":12925,"author":"1","status":"publish","date":"2020-08-25 18:50:00","date_utc":"2020-08-25 16:50:00","modified":"2020-08-25 18:50:00","modified_utc":"2020-08-25 16:50:00","url":"https:\/\/sostanj.info\/2019\/venue\/glavni-trg\/","venue":"Glavni trg","slug":"glavni-trg","image":{"url":"https:\/\/sostanj.info\/2019\/wp-content\/uploads\/2019\/08\/270x200_default.jpg","id":8430,"extension":"jpg","width":270,"height":200,"sizes":{"thumbnail":{"width":150,"height":150,"mime-type":"image\/jpeg","url":"https:\/\/sostanj.info\/2019\/wp-content\/uploads\/2019\/08\/270x200_default-150x150.jpg"},"small":{"width":80,"height":70,"mime-type":"image\/jpeg","url":"https:\/\/sostanj.info\/2019\/wp-content\/uploads\/2019\/08\/270x200_default-80x70.jpg"}}},"json_ld":{"@type":"Place","name":"Glavni trg","description":"","image":"https:\/\/sostanj.info\/2019\/wp-content\/uploads\/2019\/08\/270x200_default.jpg","url":"https:\/\/sostanj.info\/2019\/venue\/glavni-trg\/","address":{"@type":"PostalAddress"},"telephone":"","sameAs":""},"show_map":true,"show_map_link":true,"global_id":"sostanj.info\/2019?id=12925","global_id_lineage":["sostanj.info\/2019?id=12925"]},"organizer":[{"id":15069,"author":"1","status":"publish","date":"2023-08-29 11:36:11","date_utc":"2023-08-29 09:36:11","modified":"2023-08-29 11:36:11","modified_utc":"2023-08-29 09:36:11","url":"https:\/\/sostanj.info\/2019\/organizer\/obcina-in-zks\/","organizer":"Ob\u010dina in ZK\u0160","slug":"obcina-in-zks","image":{"url":"https:\/\/sostanj.info\/2019\/wp-content\/uploads\/2019\/08\/270x200_default.jpg","id":8430,"extension":"jpg","width":270,"height":200,"sizes":{"thumbnail":{"width":150,"height":150,"mime-type":"image\/jpeg","url":"https:\/\/sostanj.info\/2019\/wp-content\/uploads\/2019\/08\/270x200_default-150x150.jpg"},"small":{"width":80,"height":70,"mime-type":"image\/jpeg","url":"https:\/\/sostanj.info\/2019\/wp-content\/uploads\/2019\/08\/270x200_default-80x70.jpg"}}},"json_ld":{"@type":"Person","name":"Ob\u010dina in ZK\u0160","description":"","image":"https:\/\/sostanj.info\/2019\/wp-content\/uploads\/2019\/08\/270x200_default.jpg","url":"","telephone":"","email":"","sameAs":""},"global_id":"sostanj.info\/2019?id=15069","global_id_lineage":["sostanj.info\/2019?id=15069"]}],"json_ld":{"@context":"http:\/\/schema.org","@type":"Event","name":"Odprtje razstave NI\u010c proti VE\u010cnosti Koncert Andreja \u0160ifrerja s skupino The Riverband","description":"","image":"https:\/\/sostanj.info\/2019\/wp-content\/uploads\/2019\/08\/270x200_default.jpg","url":"https:\/\/sostanj.info\/2019\/dogodki\/odprtje-razstave-nic-proti-vecnosti-koncert-andreja-sifrerja-s-skupino-the-riverband\/","startDate":"2023-09-14T19:00:00+02:00","endDate":"2023-09-14T20:00:00+02:00","location":{"@type":"Place","name":"Glavni trg","description":"","image":"https:\/\/sostanj.info\/2019\/wp-content\/uploads\/2019\/08\/270x200_default.jpg","url":"https:\/\/sostanj.info\/2019\/venue\/glavni-trg\/","address":{"@type":"PostalAddress"},"telephone":"","sameAs":""},"organizer":{"@type":"Person","name":"Ob\u010dina in ZK\u0160","description":"","image":"https:\/\/sostanj.info\/2019\/wp-content\/uploads\/2019\/08\/270x200_default.jpg","url":"","telephone":"","email":"","sameAs":""},"performer":"Organization"}}