{"id":14579,"global_id":"sostanj.info\/2019?id=14579","global_id_lineage":["sostanj.info\/2019?id=14579"],"author":"541","status":"publish","date":"2022-09-20 21:45:47","date_utc":"2022-09-20 19:45:47","modified":"2022-09-20 21:45:47","modified_utc":"2022-09-20 19:45:47","url":"https:\/\/sostanj.info\/2019\/dogodki\/dan-smrekovca-pohod-in-turno-kolesarjenje\/","rest_url":"https:\/\/sostanj.info\/2019\/wp-json\/tribe\/events\/v1\/events\/14579","title":"DAN SMREKOVCA (pohod in turno kolesarjenje)","description":"<p style=\"text-align: justify;\"><span style=\"font-size: 14pt;\">Planinsko dru\u0161tvo \u0160o\u0161tanj na pobudo in v soorganizaciji&nbsp;<a href=\"https:\/\/www.sostanj.si\/\" data-saferedirecturl=\"https:\/\/www.google.com\/url?q=https:\/\/www.sostanj.si\/&amp;source=gmail&amp;ust=1632421866164000&amp;usg=AFQjCNEnkDnt5w-kI54q_OE0Oz4csnRhJg\">Ob\u010dine \u0160o\u0161tanj<\/a>&nbsp;\u017ee vse od leta 2001 ob ob\u010dinskem prazniku organizira vsakoletni pohod na najvi\u0161ji vrh na\u0161e ob\u010dine, Smrekovec 1577m. Do leta 2013 je to&nbsp;bila tudi ena izmed aktivnosti, ki jih je v okviru Dnevov rekreacije organizirala&nbsp;<a href=\"http:\/\/www.sportna-zveza-sostanj.si\/\" data-saferedirecturl=\"https:\/\/www.google.com\/url?q=http:\/\/www.sportna-zveza-sostanj.si\/&amp;source=gmail&amp;ust=1632421866164000&amp;usg=AFQjCNFDZMbKPxuvIfurF-1nUTWaf7zsmg\">\u0160portna zveza \u0160o\u0161tanj<\/a>. V letu 2017 pa smo tradicionalni pohod na Smrekovec v dogovoru z \u017eupani treh ob\u010din,&nbsp;<a href=\"https:\/\/www.sostanj.si\/\" data-saferedirecturl=\"https:\/\/www.google.com\/url?q=https:\/\/www.sostanj.si\/&amp;source=gmail&amp;ust=1632421866164000&amp;usg=AFQjCNEnkDnt5w-kI54q_OE0Oz4csnRhJg\">\u0160o\u0161tanja<\/a>,&nbsp;<a href=\"http:\/\/www.crna.si\/\" data-saferedirecturl=\"https:\/\/www.google.com\/url?q=http:\/\/www.crna.si\/&amp;source=gmail&amp;ust=1632421866164000&amp;usg=AFQjCNGis1pC3G9QQ_CDMFzOMkBfe1dmGw\">\u010crne na Koro\u0161kem<\/a>&nbsp;in&nbsp;<a href=\"https:\/\/www.ljubno.si\/\" data-saferedirecturl=\"https:\/\/www.google.com\/url?q=https:\/\/www.ljubno.si\/&amp;source=gmail&amp;ust=1632421866164000&amp;usg=AFQjCNF2ZU9mLXgnw4ClTZUoOQyUkCnsuQ\">Ljubnega ob Savinji<\/a>, ki se stikajo na Smrekov\u0161kem pogorju in dru\u0161tvi, ki so zdru\u017eena v&nbsp;<a href=\"http:\/\/www.smrekovec.net\/\" data-saferedirecturl=\"https:\/\/www.google.com\/url?q=http:\/\/www.smrekovec.net\/&amp;source=gmail&amp;ust=1632421866164000&amp;usg=AFQjCNEMRbf2EohGflumgwtarmGjjgOMLw\">Naravovarstveni zvezi Smrekovec<\/a>, raz\u0161irili na skupno dru\u017eenje na Smrekovcu, ki smo ga poimenovali&nbsp;<strong>DAN SMREKOVCA<\/strong>. Na tej prireditvi se lahko prebivalci vseh treh ob\u010din in seveda vsi ostali ljubitelji gora udele\u017eijo enega izmed pohodov, organiziranega do&nbsp;<a href=\"https:\/\/www.pzs.si\/koce.php?pid=97\" data-saferedirecturl=\"https:\/\/www.google.com\/url?q=https:\/\/www.pzs.si\/koce.php?pid%3D97&amp;source=gmail&amp;ust=1632421866164000&amp;usg=AFQjCNGfNMCOJPPoYnDdtdFRT0CXqPRlTQ\">Doma na Smrekovcu<\/a>&nbsp;iz razli\u010dnih smeri. Poleg tega pa lahko v okviru razli\u010dnih aktivnosti bolje spoznajo Smrekov\u0161ko pogorje z naravovarstvenega vidika, saj je to&nbsp;tudi obmo\u010dje posebnih naravnih vrednot.<\/span><\/p>\n<blockquote><p><span style=\"font-size: 14pt;\">V primeru slabega vremena varianta pohoda <strong>\u0160o\u0161tanj &#8211; Smrekovec<\/strong> odpade. Vsi ostali pohodi se izvedejo v vsakem vremenu.<\/span><\/p><\/blockquote>","excerpt":"","slug":"dan-smrekovca-pohod-in-turno-kolesarjenje","image":{"url":"https:\/\/sostanj.info\/2019\/wp-content\/uploads\/2022\/09\/2022_20_Dan-Smrekovca.jpg","id":14580,"extension":"jpg","width":1191,"height":1684,"filesize":1589221,"sizes":{"medium":{"width":212,"height":300,"mime-type":"image\/jpeg","filesize":25698,"url":"https:\/\/sostanj.info\/2019\/wp-content\/uploads\/2022\/09\/2022_20_Dan-Smrekovca-212x300.jpg"},"large":{"width":724,"height":1024,"mime-type":"image\/jpeg","filesize":209977,"url":"https:\/\/sostanj.info\/2019\/wp-content\/uploads\/2022\/09\/2022_20_Dan-Smrekovca-724x1024.jpg"},"thumbnail":{"width":106,"height":150,"mime-type":"image\/jpeg","filesize":7611,"url":"https:\/\/sostanj.info\/2019\/wp-content\/uploads\/2022\/09\/2022_20_Dan-Smrekovca-106x150.jpg"},"medium_large":{"width":768,"height":1086,"mime-type":"image\/jpeg","filesize":230201,"url":"https:\/\/sostanj.info\/2019\/wp-content\/uploads\/2022\/09\/2022_20_Dan-Smrekovca-768x1086.jpg"},"hd_qu_size2":{"width":400,"height":400,"mime-type":"image\/jpeg","filesize":55161,"url":"https:\/\/sostanj.info\/2019\/wp-content\/uploads\/2022\/09\/2022_20_Dan-Smrekovca-400x400.jpg"},"1536x1536":{"width":1086,"height":1536,"mime-type":"image\/jpeg","filesize":394383,"url":"https:\/\/sostanj.info\/2019\/wp-content\/uploads\/2022\/09\/2022_20_Dan-Smrekovca-1086x1536.jpg"},"small":{"width":80,"height":70,"mime-type":"image\/jpeg","filesize":2939,"url":"https:\/\/sostanj.info\/2019\/wp-content\/uploads\/2022\/09\/2022_20_Dan-Smrekovca-80x70.jpg"},"default":{"width":293,"height":245,"mime-type":"image\/jpeg","filesize":27290,"url":"https:\/\/sostanj.info\/2019\/wp-content\/uploads\/2022\/09\/2022_20_Dan-Smrekovca-293x245.jpg"},"second":{"width":586,"height":490,"mime-type":"image\/jpeg","filesize":91115,"url":"https:\/\/sostanj.info\/2019\/wp-content\/uploads\/2022\/09\/2022_20_Dan-Smrekovca-586x490.jpg"}}},"all_day":false,"start_date":"2022-09-25 06:00:00","start_date_details":{"year":"2022","month":"09","day":"25","hour":"06","minutes":"00","seconds":"00"},"end_date":"2022-09-25 17:00:00","end_date_details":{"year":"2022","month":"09","day":"25","hour":"17","minutes":"00","seconds":"00"},"utc_start_date":"2022-09-25 04:00:00","utc_start_date_details":{"year":"2022","month":"09","day":"25","hour":"04","minutes":"00","seconds":"00"},"utc_end_date":"2022-09-25 15:00:00","utc_end_date_details":{"year":"2022","month":"09","day":"25","hour":"15","minutes":"00","seconds":"00"},"timezone":"Europe\/Ljubljana","timezone_abbr":"CEST","cost":"","cost_details":{"currency_symbol":"","currency_code":"","currency_position":"prefix","values":[]},"website":"","show_map":false,"show_map_link":true,"hide_from_listings":false,"sticky":false,"featured":false,"categories":[{"name":"Planinstvo","slug":"planinstvo","term_group":0,"term_taxonomy_id":54,"taxonomy":"tribe_events_cat","description":"","parent":0,"count":306,"filter":"raw","order":"0","id":54,"urls":{"self":"https:\/\/sostanj.info\/2019\/wp-json\/tribe\/events\/v1\/categories\/54","collection":"https:\/\/sostanj.info\/2019\/wp-json\/tribe\/events\/v1\/categories"}}],"tags":[],"venue":[],"organizer":[],"json_ld":{"@context":"http:\/\/schema.org","@type":"Event","name":"DAN SMREKOVCA (pohod in turno kolesarjenje)","description":"&lt;p&gt;Planinsko dru\u0161tvo \u0160o\u0161tanj na pobudo in v soorganizaciji&nbsp;Ob\u010dine \u0160o\u0161tanj&nbsp;\u017ee vse od leta 2001 ob ob\u010dinskem prazniku organizira vsakoletni pohod na najvi\u0161ji vrh na\u0161e ob\u010dine, Smrekovec 1577m. Do leta 2013 je...&lt;\/p&gt;\\n","image":"https:\/\/sostanj.info\/2019\/wp-content\/uploads\/2022\/09\/2022_20_Dan-Smrekovca.jpg","url":"https:\/\/sostanj.info\/2019\/dogodki\/dan-smrekovca-pohod-in-turno-kolesarjenje\/","startDate":"2022-09-25T06:00:00+02:00","endDate":"2022-09-25T17:00:00+02:00","performer":"Organization"}}