{"id":14514,"global_id":"sostanj.info\/2019?id=14514","global_id_lineage":["sostanj.info\/2019?id=14514"],"author":"1","status":"publish","date":"2022-08-23 18:08:59","date_utc":"2022-08-23 16:08:59","modified":"2022-08-23 18:08:59","modified_utc":"2022-08-23 16:08:59","url":"https:\/\/sostanj.info\/2019\/dogodki\/planinski-pohod-na-smrekovec-1577-m-ob-obcinskem-prazniku-in-dan-smrekovca\/","rest_url":"https:\/\/sostanj.info\/2019\/wp-json\/tribe\/events\/v1\/events\/14514","title":"Planinski pohod na Smrekovec (1577 m) ob ob\u010dinskem prazniku in dan Smrekovca","description":"","excerpt":"","slug":"planinski-pohod-na-smrekovec-1577-m-ob-obcinskem-prazniku-in-dan-smrekovca","image":{"url":"https:\/\/sostanj.info\/2019\/wp-content\/uploads\/2019\/08\/270x200_default.jpg","id":8430,"extension":"jpg","width":270,"height":200,"sizes":{"thumbnail":{"width":150,"height":150,"mime-type":"image\/jpeg","url":"https:\/\/sostanj.info\/2019\/wp-content\/uploads\/2019\/08\/270x200_default-150x150.jpg"},"small":{"width":80,"height":70,"mime-type":"image\/jpeg","url":"https:\/\/sostanj.info\/2019\/wp-content\/uploads\/2019\/08\/270x200_default-80x70.jpg"}}},"all_day":true,"start_date":"2022-09-25 00:00:00","start_date_details":{"year":"2022","month":"09","day":"25","hour":"00","minutes":"00","seconds":"00"},"end_date":"2022-09-25 23:59:59","end_date_details":{"year":"2022","month":"09","day":"25","hour":"23","minutes":"59","seconds":"59"},"utc_start_date":"2022-09-24 22:00:00","utc_start_date_details":{"year":"2022","month":"09","day":"24","hour":"22","minutes":"00","seconds":"00"},"utc_end_date":"2022-09-25 21:59:59","utc_end_date_details":{"year":"2022","month":"09","day":"25","hour":"21","minutes":"59","seconds":"59"},"timezone":"Europe\/Ljubljana","timezone_abbr":"CEST","cost":"","cost_details":{"currency_symbol":"","currency_code":"","currency_position":"prefix","values":[]},"website":"","show_map":false,"show_map_link":true,"hide_from_listings":false,"sticky":false,"featured":false,"categories":[{"name":"Planinstvo","slug":"planinstvo","term_group":0,"term_taxonomy_id":54,"taxonomy":"tribe_events_cat","description":"","parent":0,"count":306,"filter":"raw","order":"0","id":54,"urls":{"self":"https:\/\/sostanj.info\/2019\/wp-json\/tribe\/events\/v1\/categories\/54","collection":"https:\/\/sostanj.info\/2019\/wp-json\/tribe\/events\/v1\/categories"}}],"tags":[],"venue":{"id":12739,"author":"1","status":"publish","date":"2020-01-27 18:30:33","date_utc":"2020-01-27 17:30:33","modified":"2020-01-27 18:30:33","modified_utc":"2020-01-27 17:30:33","url":"https:\/\/sostanj.info\/2019\/venue\/smrekovec\/","venue":"Smrekovec","slug":"smrekovec","image":{"url":"https:\/\/sostanj.info\/2019\/wp-content\/uploads\/2019\/08\/270x200_default.jpg","id":8430,"extension":"jpg","width":270,"height":200,"sizes":{"thumbnail":{"width":150,"height":150,"mime-type":"image\/jpeg","url":"https:\/\/sostanj.info\/2019\/wp-content\/uploads\/2019\/08\/270x200_default-150x150.jpg"},"small":{"width":80,"height":70,"mime-type":"image\/jpeg","url":"https:\/\/sostanj.info\/2019\/wp-content\/uploads\/2019\/08\/270x200_default-80x70.jpg"}}},"json_ld":{"@type":"Place","name":"Smrekovec","description":"","image":"https:\/\/sostanj.info\/2019\/wp-content\/uploads\/2019\/08\/270x200_default.jpg","url":"https:\/\/sostanj.info\/2019\/venue\/smrekovec\/","address":{"@type":"PostalAddress"},"telephone":"","sameAs":""},"show_map":true,"show_map_link":true,"global_id":"sostanj.info\/2019?id=12739","global_id_lineage":["sostanj.info\/2019?id=12739"]},"organizer":[{"id":8328,"author":"1","status":"publish","date":"2019-04-27 14:31:01","date_utc":"2019-04-27 12:31:01","modified":"2019-04-27 14:31:01","modified_utc":"2019-04-27 12:31:01","url":"https:\/\/sostanj.info\/2019\/organizer\/planinsko-drustvo-sostanj\/","organizer":"Planinsko dru\u0161tvo \u0160o\u0161tanj","slug":"planinsko-drustvo-sostanj","image":{"url":"https:\/\/sostanj.info\/2019\/wp-content\/uploads\/2019\/08\/270x200_default.jpg","id":8430,"extension":"jpg","width":270,"height":200,"sizes":{"thumbnail":{"width":150,"height":150,"mime-type":"image\/jpeg","url":"https:\/\/sostanj.info\/2019\/wp-content\/uploads\/2019\/08\/270x200_default-150x150.jpg"},"small":{"width":80,"height":70,"mime-type":"image\/jpeg","url":"https:\/\/sostanj.info\/2019\/wp-content\/uploads\/2019\/08\/270x200_default-80x70.jpg"}}},"email":"info@pd-sostanj.si","json_ld":{"@type":"Person","name":"Planinsko dru\u0161tvo \u0160o\u0161tanj","description":"","image":"https:\/\/sostanj.info\/2019\/wp-content\/uploads\/2019\/08\/270x200_default.jpg","url":"","telephone":"","email":"in&#102;&#111;&#64;&#112;d&#45;&#115;&#111;&#115;&#116;a&#110;&#106;.si","sameAs":""},"global_id":"sostanj.info\/2019?id=8328","global_id_lineage":["sostanj.info\/2019?id=8328"]}],"json_ld":{"@context":"http:\/\/schema.org","@type":"Event","name":"Planinski pohod na Smrekovec (1577 m) ob ob\u010dinskem prazniku in dan Smrekovca","description":"","image":"https:\/\/sostanj.info\/2019\/wp-content\/uploads\/2019\/08\/270x200_default.jpg","url":"https:\/\/sostanj.info\/2019\/dogodki\/planinski-pohod-na-smrekovec-1577-m-ob-obcinskem-prazniku-in-dan-smrekovca\/","startDate":"2022-09-25T00:00:00+02:00","endDate":"2022-09-25T23:59:59+02:00","location":{"@type":"Place","name":"Smrekovec","description":"","image":"https:\/\/sostanj.info\/2019\/wp-content\/uploads\/2019\/08\/270x200_default.jpg","url":"https:\/\/sostanj.info\/2019\/venue\/smrekovec\/","address":{"@type":"PostalAddress"},"telephone":"","sameAs":""},"organizer":{"@type":"Person","name":"Planinsko dru\u0161tvo \u0160o\u0161tanj","description":"","image":"https:\/\/sostanj.info\/2019\/wp-content\/uploads\/2019\/08\/270x200_default.jpg","url":"","telephone":"","email":"&#105;n&#102;o&#64;pd-&#115;&#111;sta&#110;j.&#115;&#105;","sameAs":""},"performer":"Organization"}}