{"id":14207,"global_id":"sostanj.info\/2019?id=14207","global_id_lineage":["sostanj.info\/2019?id=14207"],"author":"1","status":"publish","date":"2022-04-25 23:44:03","date_utc":"2022-04-25 21:44:03","modified":"2022-04-25 23:44:03","modified_utc":"2022-04-25 21:44:03","url":"https:\/\/sostanj.info\/2019\/dogodki\/razstava-ob-jubileju-salih-biscic\/","rest_url":"https:\/\/sostanj.info\/2019\/wp-json\/tribe\/events\/v1\/events\/14207","title":"Razstava ob jubileju \u2013 Salih Bi\u0161\u010di\u0107","description":"","excerpt":"","slug":"razstava-ob-jubileju-salih-biscic","image":{"url":"https:\/\/sostanj.info\/2019\/wp-content\/uploads\/2019\/08\/270x200_default.jpg","id":8430,"extension":"jpg","width":270,"height":200,"sizes":{"thumbnail":{"width":150,"height":150,"mime-type":"image\/jpeg","url":"https:\/\/sostanj.info\/2019\/wp-content\/uploads\/2019\/08\/270x200_default-150x150.jpg"},"small":{"width":80,"height":70,"mime-type":"image\/jpeg","url":"https:\/\/sostanj.info\/2019\/wp-content\/uploads\/2019\/08\/270x200_default-80x70.jpg"}}},"all_day":false,"start_date":"2022-05-12 19:00:00","start_date_details":{"year":"2022","month":"05","day":"12","hour":"19","minutes":"00","seconds":"00"},"end_date":"2022-05-12 19:00:00","end_date_details":{"year":"2022","month":"05","day":"12","hour":"19","minutes":"00","seconds":"00"},"utc_start_date":"2022-05-12 17:00:00","utc_start_date_details":{"year":"2022","month":"05","day":"12","hour":"17","minutes":"00","seconds":"00"},"utc_end_date":"2022-05-12 17:00:00","utc_end_date_details":{"year":"2022","month":"05","day":"12","hour":"17","minutes":"00","seconds":"00"},"timezone":"Europe\/Ljubljana","timezone_abbr":"CEST","cost":"","cost_details":{"currency_symbol":"","currency_code":"","currency_position":"prefix","values":[]},"website":"","show_map":false,"show_map_link":true,"hide_from_listings":false,"sticky":false,"featured":false,"categories":[{"name":"Kultura, umetnost","slug":"kultura_umetnost","term_group":0,"term_taxonomy_id":52,"taxonomy":"tribe_events_cat","description":"","parent":0,"count":879,"filter":"raw","order":"0","id":52,"urls":{"self":"https:\/\/sostanj.info\/2019\/wp-json\/tribe\/events\/v1\/categories\/52","collection":"https:\/\/sostanj.info\/2019\/wp-json\/tribe\/events\/v1\/categories"}}],"tags":[],"venue":{"id":8558,"author":"1","status":"publish","date":"2019-08-26 19:51:58","date_utc":"2019-08-26 17:51:58","modified":"2019-08-26 19:51:58","modified_utc":"2019-08-26 17:51:58","url":"https:\/\/sostanj.info\/2019\/venue\/mestna-galerija-sostanj\/","venue":"Mestna galerija \u0160o\u0161tanj","slug":"mestna-galerija-sostanj","image":{"url":"https:\/\/sostanj.info\/2019\/wp-content\/uploads\/2019\/08\/270x200_default.jpg","id":8430,"extension":"jpg","width":270,"height":200,"sizes":{"thumbnail":{"width":150,"height":150,"mime-type":"image\/jpeg","url":"https:\/\/sostanj.info\/2019\/wp-content\/uploads\/2019\/08\/270x200_default-150x150.jpg"},"small":{"width":80,"height":70,"mime-type":"image\/jpeg","url":"https:\/\/sostanj.info\/2019\/wp-content\/uploads\/2019\/08\/270x200_default-80x70.jpg"}}},"json_ld":{"@type":"Place","name":"Mestna galerija \u0160o\u0161tanj","description":"","image":"https:\/\/sostanj.info\/2019\/wp-content\/uploads\/2019\/08\/270x200_default.jpg","url":"https:\/\/sostanj.info\/2019\/venue\/mestna-galerija-sostanj\/","address":{"@type":"PostalAddress"},"telephone":"","sameAs":""},"show_map":true,"show_map_link":true,"global_id":"sostanj.info\/2019?id=8558","global_id_lineage":["sostanj.info\/2019?id=8558"]},"organizer":[{"id":14209,"author":"1","status":"publish","date":"2022-04-25 23:44:03","date_utc":"2022-04-25 21:44:03","modified":"2022-04-25 23:44:03","modified_utc":"2022-04-25 21:44:03","url":"https:\/\/sostanj.info\/2019\/organizer\/zavod-za-kulturo-sostanj-2\/","organizer":"Zavod za kulturo \u0160o\u0161tanj","slug":"zavod-za-kulturo-sostanj-2","image":{"url":"https:\/\/sostanj.info\/2019\/wp-content\/uploads\/2019\/08\/270x200_default.jpg","id":8430,"extension":"jpg","width":270,"height":200,"sizes":{"thumbnail":{"width":150,"height":150,"mime-type":"image\/jpeg","url":"https:\/\/sostanj.info\/2019\/wp-content\/uploads\/2019\/08\/270x200_default-150x150.jpg"},"small":{"width":80,"height":70,"mime-type":"image\/jpeg","url":"https:\/\/sostanj.info\/2019\/wp-content\/uploads\/2019\/08\/270x200_default-80x70.jpg"}}},"json_ld":{"@type":"Person","name":"Zavod za kulturo \u0160o\u0161tanj","description":"","image":"https:\/\/sostanj.info\/2019\/wp-content\/uploads\/2019\/08\/270x200_default.jpg","url":"","telephone":"","email":"","sameAs":""},"global_id":"sostanj.info\/2019?id=14209","global_id_lineage":["sostanj.info\/2019?id=14209"]}],"json_ld":{"@context":"http:\/\/schema.org","@type":"Event","name":"Razstava ob jubileju \u2013 Salih Bi\u0161\u010di\u0107","description":"","image":"https:\/\/sostanj.info\/2019\/wp-content\/uploads\/2019\/08\/270x200_default.jpg","url":"https:\/\/sostanj.info\/2019\/dogodki\/razstava-ob-jubileju-salih-biscic\/","startDate":"2022-05-12T19:00:00+02:00","endDate":"2022-05-12T19:00:00+02:00","location":{"@type":"Place","name":"Mestna galerija \u0160o\u0161tanj","description":"","image":"https:\/\/sostanj.info\/2019\/wp-content\/uploads\/2019\/08\/270x200_default.jpg","url":"https:\/\/sostanj.info\/2019\/venue\/mestna-galerija-sostanj\/","address":{"@type":"PostalAddress"},"telephone":"","sameAs":""},"organizer":{"@type":"Person","name":"Zavod za kulturo \u0160o\u0161tanj","description":"","image":"https:\/\/sostanj.info\/2019\/wp-content\/uploads\/2019\/08\/270x200_default.jpg","url":"","telephone":"","email":"","sameAs":""},"performer":"Organization"}}