{"id":12543,"global_id":"sostanj.info\/2019?id=12543","global_id_lineage":["sostanj.info\/2019?id=12543"],"author":"1","status":"publish","date":"2019-11-26 08:38:47","date_utc":"2019-11-26 07:38:47","modified":"2019-11-26 08:38:47","modified_utc":"2019-11-26 07:38:47","url":"https:\/\/sostanj.info\/2019\/dogodki\/kamisibaj-v-vili-mayer-kamisibajkarka-vanja-iva-kretic\/","rest_url":"https:\/\/sostanj.info\/2019\/wp-json\/tribe\/events\/v1\/events\/12543","title":"Kami\u0161ibaj v Vili Mayer (kami\u0161ibajkarka: Vanja Iva Kreti\u010d)","description":"","excerpt":"","slug":"kamisibaj-v-vili-mayer-kamisibajkarka-vanja-iva-kretic","image":{"url":"https:\/\/sostanj.info\/2019\/wp-content\/uploads\/2019\/08\/270x200_default.jpg","id":8430,"extension":"jpg","width":270,"height":200,"sizes":{"thumbnail":{"width":150,"height":150,"mime-type":"image\/jpeg","url":"https:\/\/sostanj.info\/2019\/wp-content\/uploads\/2019\/08\/270x200_default-150x150.jpg"},"small":{"width":80,"height":70,"mime-type":"image\/jpeg","url":"https:\/\/sostanj.info\/2019\/wp-content\/uploads\/2019\/08\/270x200_default-80x70.jpg"}}},"all_day":false,"start_date":"2019-12-03 17:00:00","start_date_details":{"year":"2019","month":"12","day":"03","hour":"17","minutes":"00","seconds":"00"},"end_date":"2019-12-03 17:00:00","end_date_details":{"year":"2019","month":"12","day":"03","hour":"17","minutes":"00","seconds":"00"},"utc_start_date":"2019-12-03 16:00:00","utc_start_date_details":{"year":"2019","month":"12","day":"03","hour":"16","minutes":"00","seconds":"00"},"utc_end_date":"2019-12-03 16:00:00","utc_end_date_details":{"year":"2019","month":"12","day":"03","hour":"16","minutes":"00","seconds":"00"},"timezone":"Europe\/Ljubljana","timezone_abbr":"CET","cost":"","cost_details":{"currency_symbol":"","currency_code":"","currency_position":"prefix","values":[]},"website":"","show_map":false,"show_map_link":false,"hide_from_listings":false,"sticky":false,"featured":false,"categories":[{"name":"Kultura, umetnost","slug":"kultura_umetnost","term_group":0,"term_taxonomy_id":52,"taxonomy":"tribe_events_cat","description":"","parent":0,"count":879,"filter":"raw","order":"0","id":52,"urls":{"self":"https:\/\/sostanj.info\/2019\/wp-json\/tribe\/events\/v1\/categories\/52","collection":"https:\/\/sostanj.info\/2019\/wp-json\/tribe\/events\/v1\/categories"}}],"tags":[],"venue":{"id":12541,"author":"1","status":"publish","date":"2019-11-26 08:38:08","date_utc":"2019-11-26 07:38:08","modified":"2019-11-26 08:38:08","modified_utc":"2019-11-26 07:38:08","url":"https:\/\/sostanj.info\/2019\/venue\/vila-mayer\/","venue":"Vila Mayer","slug":"vila-mayer","image":{"url":"https:\/\/sostanj.info\/2019\/wp-content\/uploads\/2019\/08\/270x200_default.jpg","id":8430,"extension":"jpg","width":270,"height":200,"sizes":{"thumbnail":{"width":150,"height":150,"mime-type":"image\/jpeg","url":"https:\/\/sostanj.info\/2019\/wp-content\/uploads\/2019\/08\/270x200_default-150x150.jpg"},"small":{"width":80,"height":70,"mime-type":"image\/jpeg","url":"https:\/\/sostanj.info\/2019\/wp-content\/uploads\/2019\/08\/270x200_default-80x70.jpg"}}},"json_ld":{"@type":"Place","name":"Vila Mayer","description":"","image":"https:\/\/sostanj.info\/2019\/wp-content\/uploads\/2019\/08\/270x200_default.jpg","url":"https:\/\/sostanj.info\/2019\/venue\/vila-mayer\/","address":{"@type":"PostalAddress"},"telephone":"","sameAs":""},"show_map":true,"show_map_link":true,"global_id":"sostanj.info\/2019?id=12541","global_id_lineage":["sostanj.info\/2019?id=12541"]},"organizer":[{"id":12452,"author":"1","status":"publish","date":"2019-10-27 10:06:28","date_utc":"2019-10-27 09:06:28","modified":"2019-10-27 10:06:28","modified_utc":"2019-10-27 09:06:28","url":"https:\/\/sostanj.info\/2019\/organizer\/obcina-sostanj\/","organizer":"Ob\u010dina \u0160o\u0161tanj","slug":"obcina-sostanj","image":{"url":"https:\/\/sostanj.info\/2019\/wp-content\/uploads\/2019\/08\/270x200_default.jpg","id":8430,"extension":"jpg","width":270,"height":200,"sizes":{"thumbnail":{"width":150,"height":150,"mime-type":"image\/jpeg","url":"https:\/\/sostanj.info\/2019\/wp-content\/uploads\/2019\/08\/270x200_default-150x150.jpg"},"small":{"width":80,"height":70,"mime-type":"image\/jpeg","url":"https:\/\/sostanj.info\/2019\/wp-content\/uploads\/2019\/08\/270x200_default-80x70.jpg"}}},"json_ld":{"@type":"Person","name":"Ob\u010dina \u0160o\u0161tanj","description":"","image":"https:\/\/sostanj.info\/2019\/wp-content\/uploads\/2019\/08\/270x200_default.jpg","url":"","telephone":"","email":"","sameAs":""},"global_id":"sostanj.info\/2019?id=12452","global_id_lineage":["sostanj.info\/2019?id=12452"]}],"json_ld":{"@context":"http:\/\/schema.org","@type":"Event","name":"Kami\u0161ibaj v Vili Mayer (kami\u0161ibajkarka: Vanja Iva Kreti\u010d)","description":"","image":"https:\/\/sostanj.info\/2019\/wp-content\/uploads\/2019\/08\/270x200_default.jpg","url":"https:\/\/sostanj.info\/2019\/dogodki\/kamisibaj-v-vili-mayer-kamisibajkarka-vanja-iva-kretic\/","startDate":"2019-12-03T17:00:00+01:00","endDate":"2019-12-03T17:00:00+01:00","location":{"@type":"Place","name":"Vila Mayer","description":"","image":"https:\/\/sostanj.info\/2019\/wp-content\/uploads\/2019\/08\/270x200_default.jpg","url":"https:\/\/sostanj.info\/2019\/venue\/vila-mayer\/","address":{"@type":"PostalAddress"},"telephone":"","sameAs":""},"organizer":{"@type":"Person","name":"Ob\u010dina \u0160o\u0161tanj","description":"","image":"https:\/\/sostanj.info\/2019\/wp-content\/uploads\/2019\/08\/270x200_default.jpg","url":"","telephone":"","email":"","sameAs":""},"performer":"Organization"}}