{"id":15108,"global_id":"sostanj.info\/2019?id=15108","global_id_lineage":["sostanj.info\/2019?id=15108"],"author":"1","status":"publish","date":"2023-09-26 16:46:55","date_utc":"2023-09-26 14:46:55","modified":"2023-09-26 16:46:55","modified_utc":"2023-09-26 14:46:55","url":"http:\/\/sostanj.info\/2019\/dogodki\/milan-njenic-in-iris-tisler-gambija\/","rest_url":"http:\/\/sostanj.info\/2019\/wp-json\/tribe\/events\/v1\/events\/15108","title":"Milan Njeni\u0107 in Iris Tisler : Gambija","description":"<p>Milan in Iris sta v Gambijo od\u0161la kot prostovoljca, nato sta se vklju\u010dila v projekt za pomo\u010d otrokom, odlo\u010dila sta se za botrstvo. Pravita, da \u017eelita biti sprememba, ki jo \u017eelita videti v svetu.<\/p>\n<p>S tem dejanjem 263. otrok prejema pomo\u010d vsak mesec. Vendar otroci iz Gambije niso samo \u0161tevilke. Imajo imena in priimke in svoje \u017eivljenjske zgodbe.<\/p>\n<p>Vabljeni v Gambijo!<\/p>","excerpt":"","slug":"milan-njenic-in-iris-tisler-gambija","image":{"url":"http:\/\/sostanj.info\/2019\/wp-content\/uploads\/2019\/08\/270x200_default.jpg","id":8430,"extension":"jpg","width":270,"height":200,"sizes":{"thumbnail":{"width":150,"height":150,"mime-type":"image\/jpeg","url":"http:\/\/sostanj.info\/2019\/wp-content\/uploads\/2019\/08\/270x200_default-150x150.jpg"},"small":{"width":80,"height":70,"mime-type":"image\/jpeg","url":"http:\/\/sostanj.info\/2019\/wp-content\/uploads\/2019\/08\/270x200_default-80x70.jpg"}}},"all_day":false,"start_date":"2023-10-24 18:30:00","start_date_details":{"year":"2023","month":"10","day":"24","hour":"18","minutes":"30","seconds":"00"},"end_date":"2023-10-24 18:30:00","end_date_details":{"year":"2023","month":"10","day":"24","hour":"18","minutes":"30","seconds":"00"},"utc_start_date":"2023-10-24 16:30:00","utc_start_date_details":{"year":"2023","month":"10","day":"24","hour":"16","minutes":"30","seconds":"00"},"utc_end_date":"2023-10-24 16:30:00","utc_end_date_details":{"year":"2023","month":"10","day":"24","hour":"16","minutes":"30","seconds":"00"},"timezone":"Europe\/Ljubljana","timezone_abbr":"CEST","cost":"","cost_details":{"currency_symbol":"","currency_code":"","currency_position":"prefix","values":[]},"website":"","show_map":false,"show_map_link":true,"hide_from_listings":false,"sticky":false,"featured":false,"categories":[{"name":"Kultura, umetnost","slug":"kultura_umetnost","term_group":0,"term_taxonomy_id":52,"taxonomy":"tribe_events_cat","description":"","parent":0,"count":879,"filter":"raw","order":"0","id":52,"urls":{"self":"http:\/\/sostanj.info\/2019\/wp-json\/tribe\/events\/v1\/categories\/52","collection":"http:\/\/sostanj.info\/2019\/wp-json\/tribe\/events\/v1\/categories"}}],"tags":[],"venue":{"id":8517,"author":"1","status":"publish","date":"2019-08-26 15:51:46","date_utc":"2019-08-26 13:51:46","modified":"2019-08-26 15:51:46","modified_utc":"2019-08-26 13:51:46","url":"http:\/\/sostanj.info\/2019\/venue\/mestna-knjiznica-sostanj\/","venue":"Mestna knji\u017enica \u0160o\u0161tanj","slug":"mestna-knjiznica-sostanj","image":{"url":"http:\/\/sostanj.info\/2019\/wp-content\/uploads\/2019\/08\/270x200_default.jpg","id":8430,"extension":"jpg","width":270,"height":200,"sizes":{"thumbnail":{"width":150,"height":150,"mime-type":"image\/jpeg","url":"http:\/\/sostanj.info\/2019\/wp-content\/uploads\/2019\/08\/270x200_default-150x150.jpg"},"small":{"width":80,"height":70,"mime-type":"image\/jpeg","url":"http:\/\/sostanj.info\/2019\/wp-content\/uploads\/2019\/08\/270x200_default-80x70.jpg"}}},"json_ld":{"@type":"Place","name":"Mestna knji\u017enica \u0160o\u0161tanj","description":"","image":"http:\/\/sostanj.info\/2019\/wp-content\/uploads\/2019\/08\/270x200_default.jpg","url":"http:\/\/sostanj.info\/2019\/venue\/mestna-knjiznica-sostanj\/","address":{"@type":"PostalAddress"},"telephone":"","sameAs":""},"show_map":true,"show_map_link":true,"global_id":"sostanj.info\/2019?id=8517","global_id_lineage":["sostanj.info\/2019?id=8517"]},"organizer":[{"id":8518,"author":"1","status":"publish","date":"2019-08-26 15:51:46","date_utc":"2019-08-26 13:51:46","modified":"2019-08-26 15:51:46","modified_utc":"2019-08-26 13:51:46","url":"http:\/\/sostanj.info\/2019\/organizer\/mestna-knjiznica-sostanj\/","organizer":"Mestna knji\u017enica \u0160o\u0161tanj","slug":"mestna-knjiznica-sostanj","image":{"url":"http:\/\/sostanj.info\/2019\/wp-content\/uploads\/2019\/08\/270x200_default.jpg","id":8430,"extension":"jpg","width":270,"height":200,"sizes":{"thumbnail":{"width":150,"height":150,"mime-type":"image\/jpeg","url":"http:\/\/sostanj.info\/2019\/wp-content\/uploads\/2019\/08\/270x200_default-150x150.jpg"},"small":{"width":80,"height":70,"mime-type":"image\/jpeg","url":"http:\/\/sostanj.info\/2019\/wp-content\/uploads\/2019\/08\/270x200_default-80x70.jpg"}}},"json_ld":{"@type":"Person","name":"Mestna knji\u017enica \u0160o\u0161tanj","description":"","image":"http:\/\/sostanj.info\/2019\/wp-content\/uploads\/2019\/08\/270x200_default.jpg","url":"","telephone":"","email":"","sameAs":""},"global_id":"sostanj.info\/2019?id=8518","global_id_lineage":["sostanj.info\/2019?id=8518"]}],"json_ld":{"@context":"http:\/\/schema.org","@type":"Event","name":"Milan Njeni\u0107 in Iris Tisler : Gambija","description":"&lt;p&gt;Milan in Iris sta v Gambijo od\u0161la kot prostovoljca, nato sta se vklju\u010dila v projekt za pomo\u010d otrokom, odlo\u010dila sta se za botrstvo. Pravita, da \u017eelita biti sprememba, ki jo...&lt;\/p&gt;\\n","image":"http:\/\/sostanj.info\/2019\/wp-content\/uploads\/2019\/08\/270x200_default.jpg","url":"http:\/\/sostanj.info\/2019\/dogodki\/milan-njenic-in-iris-tisler-gambija\/","startDate":"2023-10-24T18:30:00+02:00","endDate":"2023-10-24T18:30:00+02:00","location":{"@type":"Place","name":"Mestna knji\u017enica \u0160o\u0161tanj","description":"","image":"http:\/\/sostanj.info\/2019\/wp-content\/uploads\/2019\/08\/270x200_default.jpg","url":"http:\/\/sostanj.info\/2019\/venue\/mestna-knjiznica-sostanj\/","address":{"@type":"PostalAddress"},"telephone":"","sameAs":""},"organizer":{"@type":"Person","name":"Mestna knji\u017enica \u0160o\u0161tanj","description":"","image":"http:\/\/sostanj.info\/2019\/wp-content\/uploads\/2019\/08\/270x200_default.jpg","url":"","telephone":"","email":"","sameAs":""},"performer":"Organization"}}