{"id":15105,"global_id":"sostanj.info\/2019?id=15105","global_id_lineage":["sostanj.info\/2019?id=15105"],"author":"1","status":"publish","date":"2023-09-26 16:46:06","date_utc":"2023-09-26 14:46:06","modified":"2023-09-26 16:46:06","modified_utc":"2023-09-26 14:46:06","url":"http:\/\/sostanj.info\/2019\/dogodki\/mateja-kumer-dvorec-gutenbuchel\/","rest_url":"http:\/\/sostanj.info\/2019\/wp-json\/tribe\/events\/v1\/events\/15105","title":"Mateja Kumer: Dvorec Gutenb\u00fcchel","description":"<p>V Ravnah pri \u0160o\u0161tanju stoji \u010dudovit dvorec Gutenb\u00fcchel. Lastniki tega dvorca so se zelo hitro menjali, pomembnej\u0161i med njimi pa so bili Woschnagg-i, ki so stavbo prezidali in ji dali dana\u0161njo podobo. Dvorec in njegovo zgodovino nam bo predstavila arhitektka Mateja Kumer.<\/p>","excerpt":"","slug":"mateja-kumer-dvorec-gutenbuchel","image":{"url":"http:\/\/sostanj.info\/2019\/wp-content\/uploads\/2019\/08\/270x200_default.jpg","id":8430,"extension":"jpg","width":270,"height":200,"sizes":{"thumbnail":{"width":150,"height":150,"mime-type":"image\/jpeg","url":"http:\/\/sostanj.info\/2019\/wp-content\/uploads\/2019\/08\/270x200_default-150x150.jpg"},"small":{"width":80,"height":70,"mime-type":"image\/jpeg","url":"http:\/\/sostanj.info\/2019\/wp-content\/uploads\/2019\/08\/270x200_default-80x70.jpg"}}},"all_day":false,"start_date":"2023-10-17 18:30:00","start_date_details":{"year":"2023","month":"10","day":"17","hour":"18","minutes":"30","seconds":"00"},"end_date":"2023-10-17 18:30:00","end_date_details":{"year":"2023","month":"10","day":"17","hour":"18","minutes":"30","seconds":"00"},"utc_start_date":"2023-10-17 16:30:00","utc_start_date_details":{"year":"2023","month":"10","day":"17","hour":"16","minutes":"30","seconds":"00"},"utc_end_date":"2023-10-17 16:30:00","utc_end_date_details":{"year":"2023","month":"10","day":"17","hour":"16","minutes":"30","seconds":"00"},"timezone":"Europe\/Ljubljana","timezone_abbr":"CEST","cost":"","cost_details":{"currency_symbol":"","currency_code":"","currency_position":"prefix","values":[]},"website":"","show_map":false,"show_map_link":true,"hide_from_listings":false,"sticky":false,"featured":false,"categories":[{"name":"Kultura, umetnost","slug":"kultura_umetnost","term_group":0,"term_taxonomy_id":52,"taxonomy":"tribe_events_cat","description":"","parent":0,"count":879,"filter":"raw","order":"0","id":52,"urls":{"self":"http:\/\/sostanj.info\/2019\/wp-json\/tribe\/events\/v1\/categories\/52","collection":"http:\/\/sostanj.info\/2019\/wp-json\/tribe\/events\/v1\/categories"}}],"tags":[],"venue":{"id":8517,"author":"1","status":"publish","date":"2019-08-26 15:51:46","date_utc":"2019-08-26 13:51:46","modified":"2019-08-26 15:51:46","modified_utc":"2019-08-26 13:51:46","url":"http:\/\/sostanj.info\/2019\/venue\/mestna-knjiznica-sostanj\/","venue":"Mestna knji\u017enica \u0160o\u0161tanj","slug":"mestna-knjiznica-sostanj","image":{"url":"http:\/\/sostanj.info\/2019\/wp-content\/uploads\/2019\/08\/270x200_default.jpg","id":8430,"extension":"jpg","width":270,"height":200,"sizes":{"thumbnail":{"width":150,"height":150,"mime-type":"image\/jpeg","url":"http:\/\/sostanj.info\/2019\/wp-content\/uploads\/2019\/08\/270x200_default-150x150.jpg"},"small":{"width":80,"height":70,"mime-type":"image\/jpeg","url":"http:\/\/sostanj.info\/2019\/wp-content\/uploads\/2019\/08\/270x200_default-80x70.jpg"}}},"json_ld":{"@type":"Place","name":"Mestna knji\u017enica \u0160o\u0161tanj","description":"","image":"http:\/\/sostanj.info\/2019\/wp-content\/uploads\/2019\/08\/270x200_default.jpg","url":"http:\/\/sostanj.info\/2019\/venue\/mestna-knjiznica-sostanj\/","address":{"@type":"PostalAddress"},"telephone":"","sameAs":""},"show_map":true,"show_map_link":true,"global_id":"sostanj.info\/2019?id=8517","global_id_lineage":["sostanj.info\/2019?id=8517"]},"organizer":[{"id":13184,"author":"1","status":"publish","date":"2021-05-25 17:01:51","date_utc":"2021-05-25 15:01:51","modified":"2021-05-25 17:01:51","modified_utc":"2021-05-25 15:01:51","url":"http:\/\/sostanj.info\/2019\/organizer\/mestna-knjiznica-sostanj-2\/","organizer":"Mestna knji\u017enica \u0160o\u0161tanj","slug":"mestna-knjiznica-sostanj-2","image":{"url":"http:\/\/sostanj.info\/2019\/wp-content\/uploads\/2019\/08\/270x200_default.jpg","id":8430,"extension":"jpg","width":270,"height":200,"sizes":{"thumbnail":{"width":150,"height":150,"mime-type":"image\/jpeg","url":"http:\/\/sostanj.info\/2019\/wp-content\/uploads\/2019\/08\/270x200_default-150x150.jpg"},"small":{"width":80,"height":70,"mime-type":"image\/jpeg","url":"http:\/\/sostanj.info\/2019\/wp-content\/uploads\/2019\/08\/270x200_default-80x70.jpg"}}},"json_ld":{"@type":"Person","name":"Mestna knji\u017enica \u0160o\u0161tanj","description":"","image":"http:\/\/sostanj.info\/2019\/wp-content\/uploads\/2019\/08\/270x200_default.jpg","url":"","telephone":"","email":"","sameAs":""},"global_id":"sostanj.info\/2019?id=13184","global_id_lineage":["sostanj.info\/2019?id=13184"]}],"json_ld":{"@context":"http:\/\/schema.org","@type":"Event","name":"Mateja Kumer: Dvorec Gutenb\u00fcchel","description":"&lt;p&gt;V Ravnah pri \u0160o\u0161tanju stoji \u010dudovit dvorec Gutenb\u00fcchel. Lastniki tega dvorca so se zelo hitro menjali, pomembnej\u0161i med njimi pa so bili Woschnagg-i, ki so stavbo prezidali in ji dali...&lt;\/p&gt;\\n","image":"http:\/\/sostanj.info\/2019\/wp-content\/uploads\/2019\/08\/270x200_default.jpg","url":"http:\/\/sostanj.info\/2019\/dogodki\/mateja-kumer-dvorec-gutenbuchel\/","startDate":"2023-10-17T18:30:00+02:00","endDate":"2023-10-17T18:30:00+02:00","location":{"@type":"Place","name":"Mestna knji\u017enica \u0160o\u0161tanj","description":"","image":"http:\/\/sostanj.info\/2019\/wp-content\/uploads\/2019\/08\/270x200_default.jpg","url":"http:\/\/sostanj.info\/2019\/venue\/mestna-knjiznica-sostanj\/","address":{"@type":"PostalAddress"},"telephone":"","sameAs":""},"organizer":{"@type":"Person","name":"Mestna knji\u017enica \u0160o\u0161tanj","description":"","image":"http:\/\/sostanj.info\/2019\/wp-content\/uploads\/2019\/08\/270x200_default.jpg","url":"","telephone":"","email":"","sameAs":""},"performer":"Organization"}}